{"id":8601,"date":"2025-04-06T22:55:32","date_gmt":"2025-04-06T22:55:32","guid":{"rendered":"https:\/\/beta.stagingdisplay.com\/popcorn\/comment-la-perception-du-risque-influence-t-elle-notre-comportement-collectif\/"},"modified":"2025-04-06T22:55:32","modified_gmt":"2025-04-06T22:55:32","slug":"comment-la-perception-du-risque-influence-t-elle-notre-comportement-collectif","status":"publish","type":"post","link":"https:\/\/beta.stagingdisplay.com\/popcorn\/comment-la-perception-du-risque-influence-t-elle-notre-comportement-collectif\/","title":{"rendered":"Comment la perception du risque influence-t-elle notre comportement collectif ?"},"content":{"rendered":"<div style=\"margin: 20px; font-family: Arial, sans-serif; line-height: 1.6; font-size: 18px; color: #333;\">\n<h2 style=\"color: #34495e; border-bottom: 2px solid #ecf0f1; padding-bottom: 8px;\">Introduction : Comprendre la perception collective du risque en France<\/h2>\n<p style=\"margin-top: 20px;\">La perception du risque joue un r\u00f4le central dans la mani\u00e8re dont les soci\u00e9t\u00e9s r\u00e9agissent face aux d\u00e9fis qu&#8217;elles rencontrent. En France, cette perception est fa\u00e7onn\u00e9e par une multitude de facteurs, allant de l&#8217;histoire nationale aux influences culturelles, en passant par la mani\u00e8re dont les m\u00e9dias diffusent l&#8217;information. Pour mieux saisir cette dynamique, il est essentiel d&#8217;explorer comment ces \u00e9l\u00e9ments interagissent pour construire une repr\u00e9sentation collective du danger partag\u00e9, influen\u00e7ant ainsi les comportements et les d\u00e9cisions \u00e0 l\u2019\u00e9chelle sociale.<\/p>\n<div style=\"margin-top: 20px; font-weight: bold;\">Voici la table des mati\u00e8res pour approfondir cette th\u00e9matique :<\/div>\n<div style=\"margin-top: 10px;\">\n<ul style=\"list-style-type: none; padding-left: 0;\">\n<li style=\"margin-bottom: 8px;\"><a href=\"#facteurs-culturels\" style=\"color: #2980b9; text-decoration: none;\">Facteurs culturels et historiques influen\u00e7ant la perception du risque dans la soci\u00e9t\u00e9 fran\u00e7aise<\/a><\/li>\n<li style=\"margin-bottom: 8px;\"><a href=\"#medias\" style=\"color: #2980b9; text-decoration: none;\">Les m\u00e9dias et leur r\u00f4le dans la construction des perceptions collectives<\/a><\/li>\n<li style=\"margin-bottom: 8px;\"><a href=\"#psychologie-sociale\" style=\"color: #2980b9; text-decoration: none;\">La psychologie sociale face \u00e0 la gestion du risque partag\u00e9<\/a><\/li>\n<\/ul>\n<\/div>\n<h2 id=\"facteurs-culturels\" style=\"color: #34495e; border-bottom: 2px solid #ecf0f1; padding-bottom: 8px; margin-top: 40px;\">Facteurs culturels et historiques influen\u00e7ant la perception du risque dans la soci\u00e9t\u00e9 fran\u00e7aise<\/h2>\n<p style=\"margin-top: 20px;\">L\u2019histoire de la France, marqu\u00e9e par des \u00e9v\u00e9nements tels que les guerres, les r\u00e9volutions et les crises \u00e9conomiques, fa\u00e7onne profond\u00e9ment la mani\u00e8re dont la population per\u00e7oit le danger. Par exemple, la m\u00e9moire collective de la Seconde Guerre mondiale a renforc\u00e9 une conscience accrue de la vuln\u00e9rabilit\u00e9 nationale et de la n\u00e9cessit\u00e9 de la solidarit\u00e9 face aux menaces ext\u00e9rieures. De plus, la culture fran\u00e7aise, souvent centr\u00e9e sur la valeur de la s\u00e9curit\u00e9 collective, influence la perception du risque comme une menace \u00e0 ma\u00eetriser plut\u00f4t qu\u2019une fatalit\u00e9 in\u00e9vitable.<\/p>\n<p>Ce contexte historique conf\u00e8re \u00e0 la soci\u00e9t\u00e9 une certaine r\u00e9silience, mais peut \u00e9galement alimenter des perceptions exag\u00e9r\u00e9es ou, au contraire, minimis\u00e9es selon les enjeux. La tradition de la centralisation \u00e9tatique, par exemple, a souvent conduit \u00e0 une confiance accrue dans l\u2019action publique pour g\u00e9rer les risques, ce qui influence la r\u00e9activit\u00e9 collective face aux crises.<\/p>\n<h2 id=\"medias\" style=\"color: #34495e; border-bottom: 2px solid #ecf0f1; padding-bottom: 8px; margin-top: 40px;\">Les m\u00e9dias et leur r\u00f4le dans la construction des perceptions collectives<\/h2>\n<p style=\"margin-top: 20px;\">Les m\u00e9dias jouent un r\u00f4le d\u00e9terminant dans la formation de l\u2019opinion publique concernant les risques. En France, la couverture m\u00e9diatique peut accentuer la peur ou, au contraire, rassurer la population, selon la mani\u00e8re dont l\u2019information est relay\u00e9e. Par exemple, lors de crises sanitaires comme l\u2019\u00e9pid\u00e9mie de COVID-19, la fa\u00e7on dont les m\u00e9dias ont pr\u00e9sent\u00e9 la gravit\u00e9 du virus a influenc\u00e9 la perception collective et a modifi\u00e9 les comportements individuels, notamment en mati\u00e8re de respect des mesures sanitaires.<\/p>\n<p>Selon une \u00e9tude de l\u2019INSEE, la perception du risque est souvent amplifi\u00e9e par les m\u00e9dias lorsqu\u2019ils mettent en avant des sc\u00e9narios catastrophes, ce qui peut conduire \u00e0 une r\u00e9action collective plus intense, parfois d\u00e9mesur\u00e9e par rapport \u00e0 la menace r\u00e9elle. \u00c0 l\u2019inverse, une communication \u00e9quilibr\u00e9e permet de favoriser une attitude plus rationnelle et coordonn\u00e9e face aux dangers.<\/p>\n<h2 id=\"psychologie-sociale\" style=\"color: #34495e; border-bottom: 2px solid #ecf0f1; padding-bottom: 8px; margin-top: 40px;\">La psychologie sociale face \u00e0 la gestion du risque partag\u00e9<\/h2>\n<p style=\"margin-top: 20px;\">La psychologie sociale offre un \u00e9clairage pr\u00e9cieux pour comprendre comment la perception du risque influence le comportement collectif. La th\u00e9orie de la \u00ab conformit\u00e9 \u00bb montre que dans une situation per\u00e7ue comme mena\u00e7ante, les individus ont tendance \u00e0 suivre le groupe, ce qui peut renforcer la coh\u00e9sion ou, au contraire, exacerber la panique collective.<\/p>\n<p>Par exemple, lors de catastrophes naturelles ou d\u2019attentats, la peur collective peut conduire \u00e0 une mobilisation imm\u00e9diate, mais aussi \u00e0 des comportements irrationnels tels que la panique ou la d\u00e9sinformation. La gestion de ces r\u00e9actions d\u00e9pend souvent de la capacit\u00e9 des leaders et des institutions \u00e0 orienter la perception collective vers une compr\u00e9hension rationnelle du danger, minimisant ainsi les risques d\u2019escalade.<\/p>\n<h2 style=\"color: #34495e; border-bottom: 2px solid #ecf0f1; padding-bottom: 8px; margin-top: 40px;\">La perception du risque et la mobilisation sociale<\/h2>\n<p style=\"margin-top: 20px;\">La peur collective, lorsqu\u2019elle est bien canalis\u00e9e, devient un moteur puissant pour la mobilisation sociale. En France, des mouvements citoyens ont \u00e9merg\u00e9 en r\u00e9ponse \u00e0 des crises environnementales ou sanitaires, mobilisant des populations autour d\u2019objectifs communs. La perception du risque agit alors comme un catalyseur pour renforcer la solidarit\u00e9 et encourager une action collective d\u00e9termin\u00e9e.<\/p>\n<p>Un exemple notable est la mobilisation face \u00e0 la pollution de la Seine ou aux risques li\u00e9s aux pesticides, o\u00f9 la conscience collective du danger a conduit \u00e0 des initiatives citoyennes, \u00e0 des campagnes de sensibilisation, voire \u00e0 des r\u00e9formes l\u00e9gislatives. Cependant, si la perception est d\u00e9form\u00e9e ou exag\u00e9r\u00e9e, elle peut <a href=\"https:\/\/www.001wpg.com\/2025\/10\/comment-la-psychologie-du-risque-faconne-t-elle-nos-choix-modernes\/\">aussi<\/a> alimenter la m\u00e9fiance ou la d\u00e9sillusion \u00e0 l\u2019\u00e9gard des institutions.<\/p>\n<h2 style=\"color: #34495e; border-bottom: 2px solid #ecf0f1; padding-bottom: 8px; margin-top: 40px;\">Exemples historiques de r\u00e9actions collectives en France<\/h2>\n<p style=\"margin-top: 20px;\">L\u2019histoire fran\u00e7aise regorge d\u2019exemples o\u00f9 la perception du risque a fa\u00e7onn\u00e9 la r\u00e9ponse collective. La mobilisation lors des gr\u00e8ves de 1968, par exemple, t\u00e9moigne d\u2019une perception accrue des injustices sociales et d\u2019un sentiment de vuln\u00e9rabilit\u00e9 face \u00e0 l\u2019autorit\u00e9. Plus r\u00e9cemment, la r\u00e9action face aux crises sanitaires ou aux catastrophes naturelles a montr\u00e9 comment la peur collectivement ressentie peut entra\u00eener des comportements de solidarit\u00e9 ou, inversement, de rejet.<\/p>\n<blockquote style=\"margin: 20px 0; padding: 10px; background-color: #f9f9f9; border-left: 4px solid #bdc3c7;\"><p>\u00ab La perception du risque ne se limite pas \u00e0 une r\u00e9action individuelle. Elle devient un ph\u00e9nom\u00e8ne social, susceptible de galvaniser ou de diviser la soci\u00e9t\u00e9 selon la mani\u00e8re dont elle est per\u00e7ue et g\u00e9r\u00e9e. \u00bb<\/p><\/blockquote>\n<h2 style=\"color: #34495e; border-bottom: 2px solid #ecf0f1; padding-bottom: 8px;\">L\u2019impact de la perception du risque sur la participation citoyenne et la solidarit\u00e9<\/h2>\n<p style=\"margin-top: 20px;\">Lorsqu\u2019un risque est per\u00e7u comme imminent ou grave, la participation citoyenne s\u2019intensifie souvent, notamment par des actions collectives visant \u00e0 influencer les politiques publiques ou \u00e0 sensibiliser l\u2019opinion. En France, de nombreux mouvements citoyens ont vu le jour suite \u00e0 la perception de risques environnementaux ou sanitaires, illustrant ainsi comment la conscience collective peut devenir un levier de changement social.<\/p>\n<p>Par exemple, la mobilisation autour du Grenelle de l\u2019environnement a \u00e9t\u00e9 largement aliment\u00e9e par la perception du changement climatique comme une menace imm\u00e9diate. La solidarit\u00e9, quant \u00e0 elle, se manifeste par la cr\u00e9ation de r\u00e9seaux d\u2019entraide, la participation \u00e0 des initiatives locales ou la pression sur les d\u00e9cideurs politiques pour une gestion plus transparente et efficace des risques.<\/p>\n<h2 style=\"color: #34495e; border-bottom: 2px solid #ecf0f1; padding-bottom: 8px; margin-top: 40px;\">La perception du risque face aux politiques publiques<\/h2>\n<h3 style=\"margin-top: 20px; color: #2980b9;\">Comment les gouvernements fran\u00e7ais int\u00e8grent la perception du risque dans leurs strat\u00e9gies<\/h3>\n<p style=\"margin-top: 10px;\">Les autorit\u00e9s fran\u00e7aises prennent en compte la perception du risque pour \u00e9laborer leurs politiques, notamment dans les domaines de la s\u00e9curit\u00e9, de la sant\u00e9 et de l\u2019environnement. La communication strat\u00e9gique est essentielle pour aligner la perception publique avec la r\u00e9alit\u00e9 scientifique, afin d\u2019\u00e9viter la d\u00e9connexion qui pourrait entra\u00eener une m\u00e9fiance ou une passivit\u00e9 face aux crises.<\/p>\n<h3 style=\"margin-top: 20px; color: #2980b9;\">La communication du risque et ses effets sur la confiance publique<\/h3>\n<p style=\"margin-top: 10px;\">Une communication claire, transparente et adapt\u00e9e est cruciale pour maintenir ou renforcer la confiance des citoyens. Lors de la crise du COVID-19, par exemple, une communication efficace a permis d\u2019inciter \u00e0 la compliance des mesures sanitaires, tandis qu\u2019une mauvaise gestion de l\u2019information a pu alimenter la d\u00e9fiance et la d\u00e9sinformation.<\/p>\n<h3 style=\"margin-top: 20px; color: #2980b9;\">Les enjeux \u00e9thiques dans la gestion du risque collectif<\/h3>\n<p style=\"margin-top: 10px;\">L\u2019intervention des autorit\u00e9s soul\u00e8ve \u00e9galement des questions \u00e9thiques, notamment sur la transparence, le respect des libert\u00e9s individuelles et l\u2019\u00e9quit\u00e9 dans la distribution des ressources. La perception du risque doit ainsi \u00eatre \u00e9quilibr\u00e9e avec des principes \u00e9thiques pour garantir une gestion juste et efficace, sans tomber dans la manipulation ou la peur organis\u00e9e.<\/p>\n<h2 style=\"color: #34495e; border-bottom: 2px solid #ecf0f1; padding-bottom: 8px; margin-top: 40px;\">La psychologie du risque dans les comportements individuels et collectifs<\/h2>\n<h3 style=\"margin-top: 20px; color: #2980b9;\">Biais cognitifs et leur influence sur la perception du danger partag\u00e9<\/h3>\n<p style=\"margin-top: 10px;\">Les biais cognitifs, tels que le biais de confirmation ou l\u2019illusion de contr\u00f4le, fa\u00e7onnent la perception que nous avons des risques. En France, ces biais peuvent expliquer pourquoi certains per\u00e7oivent un danger comme plus ou moins probable, en fonction de leur exp\u00e9rience ou de leur confiance dans les institutions. Par exemple, la sous-estimation des risques li\u00e9s au changement climatique peut r\u00e9sulter d\u2019un biais de normalisation, o\u00f9 l\u2019on minimise l\u2019impact d\u2019\u00e9v\u00e9nements rares mais graves.<\/p>\n<h3 style=\"margin-top: 20px; color: #2980b9;\">La peur, le d\u00e9ni ou l\u2019acceptation : quels m\u00e9canismes psychologiques en jeu ?<\/h3>\n<p style=\"margin-top: 10px;\">Les m\u00e9canismes psychologiques tels que le d\u00e9ni ou l\u2019acceptation jouent un r\u00f4le cl\u00e9 dans la fa\u00e7on dont les individus r\u00e9agissent face au danger. La peur peut conduire \u00e0 une mobilisation rapide, mais aussi \u00e0 la paralysie ou au repli sur soi. \u00c0 l\u2019inverse, le d\u00e9ni peut retarder la prise de mesures n\u00e9cessaires, comme lors des crises sanitaires o\u00f9 certains ont minimis\u00e9 la gravit\u00e9 du virus.<\/p>\n<h3 style=\"margin-top: 20px; color: #2980b9;\">L\u2019effet de groupe et la conformit\u00e9 dans la gestion du risque collectif<\/h3>\n<p style=\"margin-top: 10px;\">L\u2019effet de groupe est un ph\u00e9nom\u00e8ne puissant qui influence la conformit\u00e9 aux normes sociales en p\u00e9riode de crise. En France, la pression du groupe peut encourager l\u2019adoption de comportements s\u00e9curitaires ou, au contraire, favoriser la propagation de rumeurs et de comportements irrationnels. La compr\u00e9hension de ces dynamiques est essentielle pour \u00e9laborer des strat\u00e9gies de communication efficaces, capables d\u2019orienter la perception vers une gestion rationnelle du risque collectif.<\/p>\n<h2 style=\"color: #34495e; border-bottom: 2px solid #ecf0f1; padding-bottom: 8px; margin-top: 40px;\">La perception du risque et la r\u00e9silience communautaire<\/h2>\n<h3 style=\"margin-top: 20px; color: #2980b9;\">Comment les communaut\u00e9s fran\u00e7aises d\u00e9veloppent leur r\u00e9silience face aux risques<\/h3>\n<p style=\"margin-top: 10px;\">La r\u00e9silience communautaire repose sur la capacit\u00e9 des groupes locaux \u00e0 s\u2019adapter et \u00e0 rebondir face aux crises. En France, cela se traduit par des initiatives locales, des r\u00e9seaux d\u2019entraide, et un fort attachement aux traditions qui renforcent le sentiment d\u2019unit\u00e9. Par exemple, lors des inondations dans le sud-ouest, certains villages ont organis\u00e9 des syst\u00e8mes d\u2019alerte communautaire et des plans d\u2019\u00e9vacuation participatifs, illustrant une forte capacit\u00e9 \u00e0 faire face collectivement \u00e0 l\u2019adversit\u00e9.<\/p>\n<h3 style=\"margin-top: 20px; color: #2980b9;\">Le r\u00f4le des traditions et des valeurs dans la perception et la r\u00e9ponse au risque<\/h3>\n<p style=\"margin-top: 10px;\">Les valeurs culturelles, telles que la solidarit\u00e9, l\u2019entraide ou la confiance dans la nature, influencent la mani\u00e8re dont les communaut\u00e9s per\u00e7oivent le danger et y r\u00e9pondent. En France, la tradition de la f\u00eate, du rassemblement ou du partage renforce le sentiment d\u2019appartenance et facilite la mise en place de r\u00e9ponses collectives face aux risques, qu\u2019ils soient environnementaux ou sociaux.<\/p>\n<h3 style=\"margin-top: 20px; color: #2980b9;\">La construction d\u2019un sentiment de s\u00e9curit\u00e9 collective face \u00e0 l\u2019incertitude<\/h3>\n<p style=\"margin-top: 10px;\">Ce sentiment se construit au fil du temps gr\u00e2ce \u00e0 la mise en place de dispositifs de pr\u00e9vention, de communication et d\u2019entraide. La perception de s\u00e9curit\u00e9 n\u2019est pas seulement une absence de danger, mais une confiance dans la capacit\u00e9 collective \u00e0 faire face, une notion essentielle pour renforcer la r\u00e9silience face aux incertitudes modernes.<\/p>\n<h2 style=\"color: #34495e; border-bottom: 2px solid #ecf0f1; padding-bottom: 8px; margin-top: 40px;\">La perception du risque face aux enjeux environnementaux et sanitaires<\/h2>\n<h3 style=\"margin-top: 20px; color: #2980b9;\">La perception des risques li\u00e9s au changement climatique en France<\/h3>\n<p style=\"margin-top: 10px;\">En France, la conscience des enjeux climatiques s\u2019est accrue avec la mont\u00e9e en puissance des catastrophes naturelles telles que les incendies en Provence ou les inondations dans le Nord. La perception du changement climatique varie selon les r\u00e9gions, influenc\u00e9e par l\u2019exp\u00e9rience directe ou par la m\u00e9diatisation. La sensibilisation \u00e0 ces risques modifie progressivement les comportements, notamment dans l\u2019adoption de modes de vie plus durables.<\/p>\n<h3 style=\"margin-top: 20px; color: #2980b9;\">La gestion des crises sanitaires : du COVID-19 aux autres pand\u00e9mies<\/h3>\n<p style=\"margin-top: 10px;\">La pand\u00e9mie de COVID-19 a profond\u00e9ment modifi\u00e9 la perception collective du risque sanitaire en France. La peur, l\u2019incertitude et l\u2019impact \u00e9conomique ont renforc\u00e9 le sentiment d\u2019urgence. La r\u00e9ponse collective a \u00e9t\u00e9 fa\u00e7onn\u00e9e par la communication des autorit\u00e9s, mais aussi par la capacit\u00e9 des citoyens \u00e0 accepter des mesures restrictives pour prot\u00e9ger la sant\u00e9 publique. La crise a \u00e9galement mis en lumi\u00e8re l\u2019importance de la confiance dans les institutions et la n\u00e9cessit\u00e9 d\u2019une \u00e9ducation \u00e0 la gestion du risque sanitaire.<\/p>\n<h3 style=\"margin-top: 20px; color: #2980b9;\">Influences culturelles sur la perception des risques environnementaux et sanitaires<\/h3>\n<p style=\"margin-top: 10px;\">Les valeurs culturelles fran\u00e7aises, telles que le respect de la nature ou la m\u00e9fiance envers certaines industries, influencent la perception des risques li\u00e9s \u00e0 l\u2019environnement et \u00e0 la sant\u00e9. La tradition de la protection de l\u2019environnement, illustr\u00e9e par des mouvements \u00e9cologistes actifs, contribue \u00e0 une perception plus critique et vigilante face \u00e0 certaines menaces, fa\u00e7onnant ainsi des comportements plus responsables.<\/p>\n<h2 style=\"color: #34495e; border-bottom: 2px solid #ecf0f1; padding-bottom: 8px; margin-top: 40px;\">La perception du risque et l\u2019avenir : perspectives et enjeux<\/h2>\n<h3 style=\"margin-top: 20px; color: #2980b9;\">Comment la perception du risque \u00e9volue avec les nouvelles technologies et m\u00e9dias<\/h3>\n<p style=\"margin-top: 10px;\">Les avanc\u00e9es technologiques, notamment les r\u00e9seaux sociaux, modifient radicalement la mani\u00e8re dont la perception du risque se construit et se diffuse. En France, la viralit\u00e9 des informations peut acc\u00e9l\u00e9rer la sensibilisation ou, \u00e0 l\u2019inverse, propager des rumeurs infond\u00e9es. La ma\u00eetrise de ces nouveaux outils est essentielle pour orienter la perception collective vers une compr\u00e9hension plus pr\u00e9cise et constructive des risques.<\/p>\n<h3 style=\"margin-top: 20px; color: #2980b9;\">La n\u00e9cessit\u00e9 d\u2019une \u00e9ducation \u00e0 la gestion du risque collectif<\/h3>\n<p style=\"margin-top: 10px;\">Une meilleure connaissance des m\u00e9canismes psychologiques et des enjeux r\u00e9els est indispensable pour renforcer la r\u00e9silience. En France, l\u2019int\u00e9gration d\u2019une \u00e9ducation \u00e0 la gestion du risque dans les programmes scolaires et des campagnes de sensibilisation permettrait de d\u00e9velopper une soci\u00e9t\u00e9 plus inform\u00e9e et apte \u00e0 r\u00e9<\/p>\n<\/div>\n","protected":false},"excerpt":{"rendered":"<p>Introduction : Comprendre la perception collective du risque en France La perception du risque joue un r\u00f4le central dans la mani\u00e8re dont les soci\u00e9t\u00e9s r\u00e9agissent face aux d\u00e9fis qu&#8217;elles rencontrent. En France, cette perception est fa\u00e7onn\u00e9e par une multitude de facteurs, allant de l&#8217;histoire nationale aux influences culturelles, en passant par la mani\u00e8re dont les [&hellip;]<\/p>\n","protected":false},"author":4,"featured_media":0,"comment_status":"open","ping_status":"closed","sticky":false,"template":"","format":"standard","meta":{"footnotes":""},"categories":[1],"tags":[],"class_list":["post-8601","post","type-post","status-publish","format-standard","hentry","category-uncategorized"],"_links":{"self":[{"href":"https:\/\/beta.stagingdisplay.com\/popcorn\/wp-json\/wp\/v2\/posts\/8601","targetHints":{"allow":["GET"]}}],"collection":[{"href":"https:\/\/beta.stagingdisplay.com\/popcorn\/wp-json\/wp\/v2\/posts"}],"about":[{"href":"https:\/\/beta.stagingdisplay.com\/popcorn\/wp-json\/wp\/v2\/types\/post"}],"author":[{"embeddable":true,"href":"https:\/\/beta.stagingdisplay.com\/popcorn\/wp-json\/wp\/v2\/users\/4"}],"replies":[{"embeddable":true,"href":"https:\/\/beta.stagingdisplay.com\/popcorn\/wp-json\/wp\/v2\/comments?post=8601"}],"version-history":[{"count":0,"href":"https:\/\/beta.stagingdisplay.com\/popcorn\/wp-json\/wp\/v2\/posts\/8601\/revisions"}],"wp:attachment":[{"href":"https:\/\/beta.stagingdisplay.com\/popcorn\/wp-json\/wp\/v2\/media?parent=8601"}],"wp:term":[{"taxonomy":"category","embeddable":true,"href":"https:\/\/beta.stagingdisplay.com\/popcorn\/wp-json\/wp\/v2\/categories?post=8601"},{"taxonomy":"post_tag","embeddable":true,"href":"https:\/\/beta.stagingdisplay.com\/popcorn\/wp-json\/wp\/v2\/tags?post=8601"}],"curies":[{"name":"wp","href":"https:\/\/api.w.org\/{rel}","templated":true}]}}